{"id":51084,"date":"2026-04-29T16:00:07","date_gmt":"2026-04-29T14:00:07","guid":{"rendered":"https:\/\/figueras.com\/gaudi-seat-figueras-lasexta-tv-debut\/"},"modified":"2026-04-29T16:20:20","modified_gmt":"2026-04-29T14:20:20","slug":"siege-gaudi-figueras-debuts-tele-lasexta","status":"publish","type":"post","link":"https:\/\/figueras.com\/fr\/siege-gaudi-figueras-debuts-tele-lasexta\/","title":{"rendered":"Le si\u00e8ge Gaud\u00ed, de Figueras, fait ses d\u00e9buts sur la t\u00e9l\u00e9vision nationale"},"content":{"rendered":"<p>Le design de mobilier pour les espaces culturels a la capacit\u00e9 de transmettre l&rsquo;identit\u00e9 d&rsquo;un lieu en un seul coup d&rsquo;\u0153il. Le mardi 21 avril dernier, cette promesse a \u00e9t\u00e9 illustr\u00e9e \u00e0 la t\u00e9l\u00e9vision nationale lors de la premi\u00e8re de \u00ab <strong>Cara al Show<\/strong> \u00bb, le nouveau format de late-show de <strong>laSexta<\/strong> pr\u00e9sent\u00e9 par Marc Gir\u00f3. Figueras a particip\u00e9 \u00e0 ce d\u00e9but tr\u00e8s attendu en fournissant <strong>quatre fauteuils du mod\u00e8le Gaud\u00ed<\/strong> pour la premi\u00e8re partie de la soir\u00e9e.<\/p>\n<p>L&rsquo;int\u00e9gration des si\u00e8ges r\u00e9pondait \u00e0 un besoin visuel tr\u00e8s sp\u00e9cifique de la production. L&rsquo;objectif de la s\u00e9quence initiale \u00e9tait de recr\u00e9er l&rsquo;atmosph\u00e8re classique et le prestige d&rsquo;une loge VIP d&rsquo;op\u00e9ra. Pour r\u00e9ussir cette immersion, l&rsquo;\u00e9quipe de l&rsquo;\u00e9mission a install\u00e9 les premiers invit\u00e9s du format, <strong>David et Jose Mu\u00f1oz du groupe Estopa<\/strong>, aux c\u00f4t\u00e9s du journaliste <strong>Jordi \u00c9vole<\/strong> et du pr\u00e9sentateur lui-m\u00eame dans nos fauteuils.<\/p>\n<p>Le choix de ce mod\u00e8le a \u00e9t\u00e9 fait d\u00e9lib\u00e9r\u00e9ment pour son esth\u00e9tique th\u00e9\u00e2trale unique. Le si\u00e8ge Gaud\u00ed est le fruit d&rsquo;un projet d&rsquo;ing\u00e9nierie <strong>Made to Measure (MtM)<\/strong>, initialement con\u00e7u para respecter et sublimer l&rsquo;architecture de l&rsquo;historique <a href=\"https:\/\/figueras.com\/fr\/projet\/teatre-romea\/\" target=\"_blank\" rel=\"noopener\"><strong>Th\u00e9\u00e2tre Romea de Barcelone<\/strong><\/a>, dont il \u00e9quipe le c\u00e9l\u00e8bre parterre depuis des ann\u00e9es.<\/p>\n<p>Qu&rsquo;un \u00e9l\u00e9ment con\u00e7u pour un th\u00e9\u00e2tre classique devienne la pi\u00e8ce ma\u00eetresse d&rsquo;un plateau de t\u00e9l\u00e9vision contemporain souligne la valeur de cr\u00e9er des solutions dot\u00e9es d&rsquo;une identit\u00e9 propre. Pour toute l&rsquo;\u00e9quipe de Figueras, voir notre ing\u00e9nierie en prime time accompagner des r\u00e9f\u00e9rences de la culture et de la communication est un motif de grande fiert\u00e9. Cela nous confirme que lorsque le design est travaill\u00e9 avec rigueur pour r\u00e9pondre aux besoins d&rsquo;un espace, le r\u00e9sultat devient une ic\u00f4ne capable de s&rsquo;adapter \u00e0 toutes les sc\u00e8nes.<\/p>\n","protected":false},"excerpt":{"rendered":"<p>Le design de mobilier pour les espaces culturels a la capacit\u00e9 de transmettre l&rsquo;identit\u00e9 d&rsquo;un lieu en un seul coup d&rsquo;\u0153il. Le mardi 21 avril dernier, cette promesse a \u00e9t\u00e9 illustr\u00e9e \u00e0 la t\u00e9l\u00e9vision nationale lors de la premi\u00e8re de \u00ab Cara al Show \u00bb, le nouveau format de late-show de laSexta pr\u00e9sent\u00e9 par Marc [&hellip;]<\/p>\n","protected":false},"author":11,"featured_media":51087,"comment_status":"closed","ping_status":"closed","sticky":false,"template":"","format":"standard","meta":{"_acf_changed":false,"content-type":"","footnotes":""},"categories":[269],"tags":[],"class_list":["post-51084","post","type-post","status-publish","format-standard","has-post-thumbnail","hentry","category-products-fr"],"acf":[],"_links":{"self":[{"href":"https:\/\/figueras.com\/fr\/wp-json\/wp\/v2\/posts\/51084","targetHints":{"allow":["GET"]}}],"collection":[{"href":"https:\/\/figueras.com\/fr\/wp-json\/wp\/v2\/posts"}],"about":[{"href":"https:\/\/figueras.com\/fr\/wp-json\/wp\/v2\/types\/post"}],"author":[{"embeddable":true,"href":"https:\/\/figueras.com\/fr\/wp-json\/wp\/v2\/users\/11"}],"replies":[{"embeddable":true,"href":"https:\/\/figueras.com\/fr\/wp-json\/wp\/v2\/comments?post=51084"}],"version-history":[{"count":4,"href":"https:\/\/figueras.com\/fr\/wp-json\/wp\/v2\/posts\/51084\/revisions"}],"predecessor-version":[{"id":51095,"href":"https:\/\/figueras.com\/fr\/wp-json\/wp\/v2\/posts\/51084\/revisions\/51095"}],"wp:featuredmedia":[{"embeddable":true,"href":"https:\/\/figueras.com\/fr\/wp-json\/wp\/v2\/media\/51087"}],"wp:attachment":[{"href":"https:\/\/figueras.com\/fr\/wp-json\/wp\/v2\/media?parent=51084"}],"wp:term":[{"taxonomy":"category","embeddable":true,"href":"https:\/\/figueras.com\/fr\/wp-json\/wp\/v2\/categories?post=51084"},{"taxonomy":"post_tag","embeddable":true,"href":"https:\/\/figueras.com\/fr\/wp-json\/wp\/v2\/tags?post=51084"}],"curies":[{"name":"wp","href":"https:\/\/api.w.org\/{rel}","templated":true}]}}