{"id":49977,"date":"2026-02-17T10:48:03","date_gmt":"2026-02-17T09:48:03","guid":{"rendered":"https:\/\/figueras.com\/figueras-seating-presente-en-la-noche-de-la-arquitectura-del-ctav\/"},"modified":"2026-02-17T10:52:29","modified_gmt":"2026-02-17T09:52:29","slug":"figueras-seating-present-a-la-nuit-de-l-architecture-du-ctav","status":"publish","type":"post","link":"https:\/\/figueras.com\/fr\/figueras-seating-present-a-la-nuit-de-l-architecture-du-ctav\/","title":{"rendered":"Figueras Seating pr\u00e9sent \u00e0 la Nuit de l&rsquo;Architecture du CTAV"},"content":{"rendered":"<p data-path-to-node=\"12\">Cette ann\u00e9e encore, <strong>Figueras Seating<\/strong> a eu le plaisir de participer \u00e0 la <b data-path-to-node=\"12\" data-index-in-node=\"72\">Nuit de l&rsquo;Architecture<\/b>, l&rsquo;\u00e9v\u00e9nement de r\u00e9f\u00e9rence du secteur organis\u00e9 par le <strong>Coll\u00e8ge Territorial des Architectes de Valence (CTAV)<\/strong>.<\/p>\n<p data-path-to-node=\"13\">Cette \u00e9dition a \u00e9t\u00e9 particuli\u00e8rement marquante pour nous, car elle s&rsquo;est tenue au <b data-path-to-node=\"13\" data-index-in-node=\"82\">Roig Arena<\/b>, une enceinte qui red\u00e9finit les standards des espaces polyvalents en Europe. En tant que sp\u00e9cialistes des solutions d&rsquo;ing\u00e9nierie d&rsquo;assise, participer \u00e0 cette rencontre dans un environnement o\u00f9 notre technologie et notre design prennent tout leur sens est une v\u00e9ritable fiert\u00e9.<\/p>\n<p data-path-to-node=\"14\">La <strong>Nuit de l&rsquo;Architecture<\/strong> est un rendez-vous incontournable pour partager des visions sur l&rsquo;avenir du b\u00e2timent et du design urbain. Maintenir ce lien \u00e9troit avec le <strong>CTAV<\/strong> nous permet de continuer \u00e0 stimuler l&rsquo;innovation dans l&rsquo;am\u00e9nagement des espaces publics et culturels.<\/p>\n<p data-path-to-node=\"15\">Nous remercions le <strong>CTAV<\/strong> pour l&rsquo;organisation de cette soir\u00e9e ainsi que tous les professionnels avec lesquels nous avons pu \u00e9changer sur l&rsquo;\u00e9volution de <strong>l&rsquo;architecture<\/strong> valencienne.<\/p>\n","protected":false},"excerpt":{"rendered":"<p>Cette ann\u00e9e encore, Figueras Seating a eu le plaisir de participer \u00e0 la Nuit de l&rsquo;Architecture, l&rsquo;\u00e9v\u00e9nement de r\u00e9f\u00e9rence du secteur organis\u00e9 par le Coll\u00e8ge Territorial des Architectes de Valence (CTAV). Cette \u00e9dition a \u00e9t\u00e9 particuli\u00e8rement marquante pour nous, car elle s&rsquo;est tenue au Roig Arena, une enceinte qui red\u00e9finit les standards des espaces polyvalents [&hellip;]<\/p>\n","protected":false},"author":11,"featured_media":49978,"comment_status":"closed","ping_status":"closed","sticky":false,"template":"","format":"standard","meta":{"_acf_changed":false,"content-type":"","footnotes":""},"categories":[272],"tags":[],"class_list":["post-49977","post","type-post","status-publish","format-standard","has-post-thumbnail","hentry","category-events-fr"],"acf":[],"_links":{"self":[{"href":"https:\/\/figueras.com\/fr\/wp-json\/wp\/v2\/posts\/49977","targetHints":{"allow":["GET"]}}],"collection":[{"href":"https:\/\/figueras.com\/fr\/wp-json\/wp\/v2\/posts"}],"about":[{"href":"https:\/\/figueras.com\/fr\/wp-json\/wp\/v2\/types\/post"}],"author":[{"embeddable":true,"href":"https:\/\/figueras.com\/fr\/wp-json\/wp\/v2\/users\/11"}],"replies":[{"embeddable":true,"href":"https:\/\/figueras.com\/fr\/wp-json\/wp\/v2\/comments?post=49977"}],"version-history":[{"count":0,"href":"https:\/\/figueras.com\/fr\/wp-json\/wp\/v2\/posts\/49977\/revisions"}],"wp:featuredmedia":[{"embeddable":true,"href":"https:\/\/figueras.com\/fr\/wp-json\/wp\/v2\/media\/49978"}],"wp:attachment":[{"href":"https:\/\/figueras.com\/fr\/wp-json\/wp\/v2\/media?parent=49977"}],"wp:term":[{"taxonomy":"category","embeddable":true,"href":"https:\/\/figueras.com\/fr\/wp-json\/wp\/v2\/categories?post=49977"},{"taxonomy":"post_tag","embeddable":true,"href":"https:\/\/figueras.com\/fr\/wp-json\/wp\/v2\/tags?post=49977"}],"curies":[{"name":"wp","href":"https:\/\/api.w.org\/{rel}","templated":true}]}}