{"id":49084,"date":"2025-12-16T15:38:12","date_gmt":"2025-12-16T14:38:12","guid":{"rendered":"https:\/\/figueras.com\/experience-tirol-cuando-el-asiento-se-convierte-en-protagonista\/"},"modified":"2025-12-16T15:44:14","modified_gmt":"2025-12-16T14:44:14","slug":"experience-tirol-quand-le-siege-devient-le-protagoniste","status":"publish","type":"post","link":"https:\/\/figueras.com\/fr\/experience-tirol-quand-le-siege-devient-le-protagoniste\/","title":{"rendered":"Experience Tirol : quand le si\u00e8ge devient le protagoniste"},"content":{"rendered":"<p data-start=\"1593\" data-end=\"1852\">Au c\u0153ur d\u2019Innsbruck, <a href=\"https:\/\/www.experiencetirol.com\/\" target=\"_blank\" rel=\"noopener\"><strong data-start=\"632\" data-end=\"652\">Experience Tirol<\/strong><\/a>\u00a0propose un parcours interactif et immersif qui invite les visiteurs \u00e0 d\u00e9couvrir l\u2019histoire, la culture, les paysages et l\u2019avenir du Tyrol \u00e0 travers une exp\u00e9rience sensorielle soutenue par des technologies de pointe.<\/p>\n<p data-start=\"1854\" data-end=\"2236\">Le parcours se d\u00e9ploie dans diff\u00e9rentes salles th\u00e9matiques combinant r\u00e9alit\u00e9 virtuelle, projections \u00e0 360\u00ba, mapping, hologrammes et environnements immersifs. Figueras Seating a particip\u00e9 \u00e0 l\u2019\u00c9tape 2, un espace con\u00e7u pour plonger compl\u00e8tement les visiteurs dans l\u2019histoire du Tyrol, racont\u00e9e par des personnages historiques de la r\u00e9gion gr\u00e2ce \u00e0 la technologie de r\u00e9alit\u00e9 virtuelle.<\/p>\n<p data-start=\"1854\" data-end=\"2236\">\n<p data-start=\"1854\" data-end=\"2236\"><img fetchpriority=\"high\" decoding=\"async\" class=\" wp-image-49077 alignright\" src=\"https:\/\/figueras.com\/wp-content\/uploads\/2025\/12\/002_c-Experience-Tirol-576x768.jpg\" alt=\"\" width=\"355\" height=\"473\" title=\"\" srcset=\"https:\/\/figueras.com\/wp-content\/uploads\/2025\/12\/002_c-Experience-Tirol-576x768.jpg 576w, https:\/\/figueras.com\/wp-content\/uploads\/2025\/12\/002_c-Experience-Tirol-360x480.jpg 360w, https:\/\/figueras.com\/wp-content\/uploads\/2025\/12\/002_c-Experience-Tirol.jpg 768w\" sizes=\"(max-width: 355px) 100vw, 355px\" \/><\/p>\n<p data-start=\"2238\" data-end=\"2523\">Pour cette exp\u00e9rience, Figueras Seating a \u00e9quip\u00e9 la salle de <strong data-start=\"2299\" data-end=\"2354\">30 si\u00e8ges <a href=\"https:\/\/figueras.com\/fr\/siege\/woody-rt-2312-s-m\/\" target=\"_blank\" rel=\"noopener\">Woody RT 2312\/M<\/a> enti\u00e8rement personnalis\u00e9s<\/strong>. Leur syst\u00e8me de rotation \u00e0 360\u00ba permet aux spectateurs d\u2019explorer librement l\u2019environnement virtuel sous tous les angles, renfor\u00e7ant la sensation d\u2019immersion totale.<\/p>\n<p data-start=\"2525\" data-end=\"2965\">Le principal d\u00e9fi du projet consistait \u00e0 adapter les si\u00e8ges pour int\u00e9grer la technologie requise par <strong data-start=\"1546\" data-end=\"1647\"><a href=\"https:\/\/www.kraftwerk.at\/\" target=\"_blank\" rel=\"noopener\">Kraftwerk Living Technologies<\/a><\/strong> sans compromettre le confort ni l\u2019esth\u00e9tique. Figueras a d\u00e9velopp\u00e9 une solution int\u00e9grant une bo\u00eete technique dans le dossier pour loger l\u2019unit\u00e9 centrale et les syst\u00e8mes de r\u00e9alit\u00e9 virtuelle, ainsi qu\u2019un pied creux permettant de dissimuler tous les c\u00e2bles, garantissant une installation propre et s\u00e9curis\u00e9e.<\/p>\n<p data-start=\"2967\" data-end=\"3242\">Le r\u00e9sultat est une solution o\u00f9 le si\u00e8ge cesse d\u2019\u00eatre un simple mobilier pour devenir une partie essentielle du dispositif technologique qui rend l\u2019exp\u00e9rience possible\u2014un \u00e9quilibre parfait entre design, fonctionnalit\u00e9 et technologie, pla\u00e7ant l\u2019utilisateur au c\u0153ur du r\u00e9cit.<\/p>\n","protected":false},"excerpt":{"rendered":"<p>Au c\u0153ur d\u2019Innsbruck, Experience Tirol\u00a0propose un parcours interactif et immersif qui invite les visiteurs \u00e0 d\u00e9couvrir l\u2019histoire, la culture, les paysages et l\u2019avenir du Tyrol \u00e0 travers une exp\u00e9rience sensorielle soutenue par des technologies de pointe. Le parcours se d\u00e9ploie dans diff\u00e9rentes salles th\u00e9matiques combinant r\u00e9alit\u00e9 virtuelle, projections \u00e0 360\u00ba, mapping, hologrammes et environnements immersifs. [&hellip;]<\/p>\n","protected":false},"author":11,"featured_media":49085,"comment_status":"closed","ping_status":"closed","sticky":false,"template":"","format":"standard","meta":{"_acf_changed":false,"content-type":"","footnotes":""},"categories":[276],"tags":[],"class_list":["post-49084","post","type-post","status-publish","format-standard","has-post-thumbnail","hentry","category-projects-fr"],"acf":[],"_links":{"self":[{"href":"https:\/\/figueras.com\/fr\/wp-json\/wp\/v2\/posts\/49084","targetHints":{"allow":["GET"]}}],"collection":[{"href":"https:\/\/figueras.com\/fr\/wp-json\/wp\/v2\/posts"}],"about":[{"href":"https:\/\/figueras.com\/fr\/wp-json\/wp\/v2\/types\/post"}],"author":[{"embeddable":true,"href":"https:\/\/figueras.com\/fr\/wp-json\/wp\/v2\/users\/11"}],"replies":[{"embeddable":true,"href":"https:\/\/figueras.com\/fr\/wp-json\/wp\/v2\/comments?post=49084"}],"version-history":[{"count":0,"href":"https:\/\/figueras.com\/fr\/wp-json\/wp\/v2\/posts\/49084\/revisions"}],"wp:featuredmedia":[{"embeddable":true,"href":"https:\/\/figueras.com\/fr\/wp-json\/wp\/v2\/media\/49085"}],"wp:attachment":[{"href":"https:\/\/figueras.com\/fr\/wp-json\/wp\/v2\/media?parent=49084"}],"wp:term":[{"taxonomy":"category","embeddable":true,"href":"https:\/\/figueras.com\/fr\/wp-json\/wp\/v2\/categories?post=49084"},{"taxonomy":"post_tag","embeddable":true,"href":"https:\/\/figueras.com\/fr\/wp-json\/wp\/v2\/tags?post=49084"}],"curies":[{"name":"wp","href":"https:\/\/api.w.org\/{rel}","templated":true}]}}