{"id":51085,"date":"2026-04-29T16:00:07","date_gmt":"2026-04-29T14:00:07","guid":{"rendered":"https:\/\/figueras.com\/gaudi-seat-figueras-lasexta-tv-debut\/"},"modified":"2026-04-29T16:18:11","modified_gmt":"2026-04-29T14:18:11","slug":"gaudi-asiento-figueras-lasexta-cara-al-show","status":"publish","type":"post","link":"https:\/\/figueras.com\/es\/gaudi-asiento-figueras-lasexta-cara-al-show\/","title":{"rendered":"El asiento Gaud\u00ed, de Figueras, debuta en laSexta"},"content":{"rendered":"<p>El dise\u00f1o de mobiliario para espacios culturales tiene la capacidad de transmitir la identidad de un recinto con un solo vistazo. El pasado martes 21 de abril, esta premisa qued\u00f3 demostrada en la televisi\u00f3n nacional durante el estreno de \u00ab<strong>Cara al Show<\/strong>\u00ab, el nuevo formato <em>late show<\/em> de laSexta presentado por <strong>Marc Gir\u00f3<\/strong>. <strong>Figueras form\u00f3 parte de la escenograf\u00eda<\/strong> de este esperado debut aportando <strong>cuatro butacas del modelo Gaud\u00ed<\/strong> para el primer juego de la noche.<\/p>\n<p>La integraci\u00f3n de los asientos respondi\u00f3 a una necesidad visual muy espec\u00edfica de la producci\u00f3n. El objetivo del bloque inicial era recrear la atm\u00f3sfera cl\u00e1sica y el prestigio de un palco VIP de \u00f3pera. Para lograr esta inmersi\u00f3n, el equipo del programa acomod\u00f3 en nuestras butacas a los primeros invitados del formato, <strong>David y Jose Mu\u00f1oz del grupo Estopa<\/strong>, junto al periodista <strong>Jordi \u00c9vole<\/strong> y al propio presentador.<\/p>\n<p>La elecci\u00f3n de este modelo se realiz\u00f3 de forma deliberada por su inconfundible est\u00e9tica teatral. El asiento Gaud\u00ed es el resultado de un proyecto de ingenier\u00eda <strong>Made to Measure (MtM)<\/strong>, concebido originalmente para respetar y ensalzar la arquitectura del hist\u00f3rico <a href=\"https:\/\/figueras.com\/es\/proyecto\/teatre-romea\/\" target=\"_blank\" rel=\"noopener\"><strong>Teatro Romea de Barcelona<\/strong><\/a>, cuya emblem\u00e1tica platea equipa desde hace a\u00f1os.<\/p>\n<p>Que un elemento dise\u00f1ado para un teatro cl\u00e1sico se convierta en la pieza clave de un plat\u00f3 de televisi\u00f3n contempor\u00e1neo subraya el valor de crear soluciones con identidad propia. Para todo el equipo de Figueras, ver nuestra ingenier\u00eda en <em>prime time<\/em> dando soporte a referentes de la cultura y la comunicaci\u00f3n es un gran motivo de orgullo. Nos confirma que cuando el dise\u00f1o se trabaja con rigor para resolver las necesidades de un espacio, el resultado se convierte en un icono capaz de adaptarse a cualquier escenario.<\/p>\n","protected":false},"excerpt":{"rendered":"<p>El dise\u00f1o de mobiliario para espacios culturales tiene la capacidad de transmitir la identidad de un recinto con un solo vistazo. El pasado martes 21 de abril, esta premisa qued\u00f3 demostrada en la televisi\u00f3n nacional durante el estreno de \u00abCara al Show\u00ab, el nuevo formato late show de laSexta presentado por Marc Gir\u00f3. Figueras form\u00f3 [&hellip;]<\/p>\n","protected":false},"author":11,"featured_media":51088,"comment_status":"closed","ping_status":"closed","sticky":false,"template":"","format":"standard","meta":{"_acf_changed":false,"content-type":"","footnotes":""},"categories":[271],"tags":[],"class_list":["post-51085","post","type-post","status-publish","format-standard","has-post-thumbnail","hentry","category-products-es"],"acf":[],"_links":{"self":[{"href":"https:\/\/figueras.com\/es\/wp-json\/wp\/v2\/posts\/51085","targetHints":{"allow":["GET"]}}],"collection":[{"href":"https:\/\/figueras.com\/es\/wp-json\/wp\/v2\/posts"}],"about":[{"href":"https:\/\/figueras.com\/es\/wp-json\/wp\/v2\/types\/post"}],"author":[{"embeddable":true,"href":"https:\/\/figueras.com\/es\/wp-json\/wp\/v2\/users\/11"}],"replies":[{"embeddable":true,"href":"https:\/\/figueras.com\/es\/wp-json\/wp\/v2\/comments?post=51085"}],"version-history":[{"count":3,"href":"https:\/\/figueras.com\/es\/wp-json\/wp\/v2\/posts\/51085\/revisions"}],"predecessor-version":[{"id":51092,"href":"https:\/\/figueras.com\/es\/wp-json\/wp\/v2\/posts\/51085\/revisions\/51092"}],"wp:featuredmedia":[{"embeddable":true,"href":"https:\/\/figueras.com\/es\/wp-json\/wp\/v2\/media\/51088"}],"wp:attachment":[{"href":"https:\/\/figueras.com\/es\/wp-json\/wp\/v2\/media?parent=51085"}],"wp:term":[{"taxonomy":"category","embeddable":true,"href":"https:\/\/figueras.com\/es\/wp-json\/wp\/v2\/categories?post=51085"},{"taxonomy":"post_tag","embeddable":true,"href":"https:\/\/figueras.com\/es\/wp-json\/wp\/v2\/tags?post=51085"}],"curies":[{"name":"wp","href":"https:\/\/api.w.org\/{rel}","templated":true}]}}