{"id":49075,"date":"2025-12-16T15:38:12","date_gmt":"2025-12-16T14:38:12","guid":{"rendered":"https:\/\/figueras.com\/?p=49075"},"modified":"2025-12-16T15:38:12","modified_gmt":"2025-12-16T14:38:12","slug":"experience-tirol-cuando-el-asiento-se-convierte-en-protagonista","status":"publish","type":"post","link":"https:\/\/figueras.com\/es\/experience-tirol-cuando-el-asiento-se-convierte-en-protagonista\/","title":{"rendered":"Experience Tirol: cuando el asiento se convierte en protagonista"},"content":{"rendered":"<p data-start=\"602\" data-end=\"855\">En pleno centro de Innsbruck, <a href=\"https:\/\/www.experiencetirol.com\/\" target=\"_blank\" rel=\"noopener\"><strong data-start=\"632\" data-end=\"652\">Experience Tirol<\/strong><\/a> propone un recorrido interactivo e inmersivo que invita a descubrir la historia, la cultura, los paisajes y el futuro del Tirol a trav\u00e9s de un viaje sensorial apoyado en tecnolog\u00eda de \u00faltima generaci\u00f3n.<\/p>\n<p data-start=\"857\" data-end=\"1216\">El recorrido se articula en diferentes salas tem\u00e1ticas que combinan <strong data-start=\"925\" data-end=\"1007\">realidad virtual, proyecciones 360\u00ba, mapping, hologramas y entornos inmersivos<\/strong>. Figueras ha participado en el <strong data-start=\"1039\" data-end=\"1054\">escenario 2<\/strong>, un espacio concebido para sumergir al visitante en la historia del Tirol narrada por personajes hist\u00f3ricos de la regi\u00f3n mediante tecnolog\u00eda de realidad virtual.<\/p>\n<p data-start=\"857\" data-end=\"1216\">\n<p data-start=\"857\" data-end=\"1216\"><img fetchpriority=\"high\" decoding=\"async\" class=\" wp-image-49077 alignright\" src=\"https:\/\/figueras.com\/wp-content\/uploads\/2025\/12\/002_c-Experience-Tirol-576x768.jpg\" alt=\"\" width=\"355\" height=\"473\" title=\"\" srcset=\"https:\/\/figueras.com\/wp-content\/uploads\/2025\/12\/002_c-Experience-Tirol-576x768.jpg 576w, https:\/\/figueras.com\/wp-content\/uploads\/2025\/12\/002_c-Experience-Tirol-360x480.jpg 360w, https:\/\/figueras.com\/wp-content\/uploads\/2025\/12\/002_c-Experience-Tirol.jpg 768w\" sizes=\"(max-width: 355px) 100vw, 355px\" \/><\/p>\n<p data-start=\"1218\" data-end=\"1509\">Para esta experiencia, Figueras Seating ha equipado la sala con <strong data-start=\"1282\" data-end=\"1338\">30 butacas <a href=\"https:\/\/figueras.com\/es\/asiento\/woody-rt-2312-s-m\/\" target=\"_blank\" rel=\"noopener\">Woody RT 2312\/M<\/a> totalmente personalizadas<\/strong>. Su sistema de <strong data-start=\"1354\" data-end=\"1371\">rotaci\u00f3n 360\u00ba<\/strong> permite al espectador girar libremente y explorar el entorno virtual desde todos los \u00e1ngulos, reforzando la sensaci\u00f3n de inmersi\u00f3n total.<\/p>\n<p data-start=\"1511\" data-end=\"1897\">El principal reto del proyecto fue <strong data-start=\"1546\" data-end=\"1647\">adaptar la butaca para integrar la tecnolog\u00eda requerida por <a href=\"https:\/\/www.kraftwerk.at\/\" target=\"_blank\" rel=\"noopener\">Kraftwerk Living Technologies<\/a> sin renunciar al confort ni a la est\u00e9tica<\/strong>. La soluci\u00f3n desarrollada por Figueras incorpora una <strong data-start=\"1701\" data-end=\"1786\">caja t\u00e9cnica en el respaldo para alojar la CPU y los sistemas de realidad virtual<\/strong>, as\u00ed como un <strong data-start=\"1800\" data-end=\"1850\">pie hueco que permite ocultar todo el cableado<\/strong>, garantizando una instalaci\u00f3n limpia y segura.<\/p>\n<p data-start=\"1899\" data-end=\"2205\">El resultado es una soluci\u00f3n en la que <strong data-start=\"1938\" data-end=\"1996\">la butaca deja de ser un simple elemento de mobiliario<\/strong> para convertirse en <strong data-start=\"2017\" data-end=\"2063\">parte esencial del dispositivo tecnol\u00f3gico<\/strong> que hace posible la experiencia. Un equilibrio preciso entre dise\u00f1o, funcionalidad y tecnolog\u00eda que sit\u00faa al usuario en el centro del relato.<\/p>\n","protected":false},"excerpt":{"rendered":"<p>En pleno centro de Innsbruck, Experience Tirol propone un recorrido interactivo e inmersivo que invita a descubrir la historia, la cultura, los paisajes y el futuro del Tirol a trav\u00e9s de un viaje sensorial apoyado en tecnolog\u00eda de \u00faltima generaci\u00f3n. El recorrido se articula en diferentes salas tem\u00e1ticas que combinan realidad virtual, proyecciones 360\u00ba, mapping, [&hellip;]<\/p>\n","protected":false},"author":11,"featured_media":49076,"comment_status":"closed","ping_status":"closed","sticky":false,"template":"","format":"standard","meta":{"_acf_changed":false,"content-type":"","footnotes":""},"categories":[277],"tags":[],"class_list":["post-49075","post","type-post","status-publish","format-standard","has-post-thumbnail","hentry","category-projects-es"],"acf":[],"_links":{"self":[{"href":"https:\/\/figueras.com\/es\/wp-json\/wp\/v2\/posts\/49075","targetHints":{"allow":["GET"]}}],"collection":[{"href":"https:\/\/figueras.com\/es\/wp-json\/wp\/v2\/posts"}],"about":[{"href":"https:\/\/figueras.com\/es\/wp-json\/wp\/v2\/types\/post"}],"author":[{"embeddable":true,"href":"https:\/\/figueras.com\/es\/wp-json\/wp\/v2\/users\/11"}],"replies":[{"embeddable":true,"href":"https:\/\/figueras.com\/es\/wp-json\/wp\/v2\/comments?post=49075"}],"version-history":[{"count":0,"href":"https:\/\/figueras.com\/es\/wp-json\/wp\/v2\/posts\/49075\/revisions"}],"wp:featuredmedia":[{"embeddable":true,"href":"https:\/\/figueras.com\/es\/wp-json\/wp\/v2\/media\/49076"}],"wp:attachment":[{"href":"https:\/\/figueras.com\/es\/wp-json\/wp\/v2\/media?parent=49075"}],"wp:term":[{"taxonomy":"category","embeddable":true,"href":"https:\/\/figueras.com\/es\/wp-json\/wp\/v2\/categories?post=49075"},{"taxonomy":"post_tag","embeddable":true,"href":"https:\/\/figueras.com\/es\/wp-json\/wp\/v2\/tags?post=49075"}],"curies":[{"name":"wp","href":"https:\/\/api.w.org\/{rel}","templated":true}]}}