{"id":48313,"date":"2025-10-01T12:30:29","date_gmt":"2025-10-01T10:30:29","guid":{"rendered":"https:\/\/figueras.com\/relaunch-of-the-biennale-chair\/"},"modified":"2025-10-01T12:33:56","modified_gmt":"2025-10-01T10:33:56","slug":"relanzamos-la-silla-biennale","status":"publish","type":"post","link":"https:\/\/figueras.com\/es\/relanzamos-la-silla-biennale\/","title":{"rendered":"Celebramos el d\u00e9cimo aniversario de la silla Biennale con su relanzamiento"},"content":{"rendered":"<p data-start=\"137\" data-end=\"426\">Hace diez a\u00f1os, la <strong data-start=\"156\" data-end=\"174\">silla Biennale<\/strong> redefini\u00f3 el equilibrio entre naturaleza y dise\u00f1o. Hoy volvemos a su <strong data-start=\"244\" data-end=\"264\">esencia original<\/strong>: madera, geometr\u00eda fractal y simplicidad, celebrando una d\u00e9cada de dise\u00f1o atemporal. Una silla modular pensada para funcionar de manera individual o colectiva.<\/p>\n<p data-start=\"428\" data-end=\"645\">Para celebrar este hito, el arquitecto <strong data-start=\"467\" data-end=\"485\">Josep Ferrando<\/strong> y <strong data-start=\"488\" data-end=\"508\">Figueras Seating<\/strong> relanzan la silla Biennale, inspirada en las formas de la naturaleza. Su <strong data-start=\"582\" data-end=\"600\">dise\u00f1o fractal<\/strong> crea una estructura armoniosa y funcional.<\/p>\n<p data-start=\"1228\" data-end=\"1403\"><img fetchpriority=\"high\" decoding=\"async\" class=\"alignnone size-medium wp-image-48302\" src=\"https:\/\/figueras.com\/wp-content\/uploads\/2025\/10\/Biennale-inter-1-768x185.webp\" alt=\"Biennale chair by Josep Ferrando in collaboration with Figueras\" width=\"768\" height=\"185\" title=\"\" srcset=\"https:\/\/figueras.com\/wp-content\/uploads\/2025\/10\/Biennale-inter-1-768x185.webp 768w, https:\/\/figueras.com\/wp-content\/uploads\/2025\/10\/Biennale-inter-1-1024x247.webp 1024w, https:\/\/figueras.com\/wp-content\/uploads\/2025\/10\/Biennale-inter-1-480x116.webp 480w, https:\/\/figueras.com\/wp-content\/uploads\/2025\/10\/Biennale-inter-1-1536x370.webp 1536w, https:\/\/figueras.com\/wp-content\/uploads\/2025\/10\/Biennale-inter-1-2048x494.webp 2048w, https:\/\/figueras.com\/wp-content\/uploads\/2025\/10\/Biennale-inter-1-1280x309.webp 1280w\" sizes=\"(max-width: 768px) 100vw, 768px\" \/><\/p>\n<p data-start=\"647\" data-end=\"1051\">Fabricada en <strong data-start=\"660\" data-end=\"705\">madera procedente de bosques certificados<\/strong>, este modelo rinde homenaje a la monomaterialidad: est\u00e1 hecha completamente de madera, combinando <strong data-start=\"804\" data-end=\"843\">procesos industriales con artesan\u00eda<\/strong>, sin ning\u00fan otro material adicional. Presentada en la <strong data-start=\"898\" data-end=\"926\">Biennale de Venecia 2014<\/strong>, ha sido reconocida con el <strong data-start=\"954\" data-end=\"985\">Premio Catalunya Ecodisseny<\/strong> y el <strong data-start=\"991\" data-end=\"1016\">Delta de Opini\u00f3n 2016<\/strong> por su dise\u00f1o puro y sostenible.<\/p>\n<p data-start=\"1053\" data-end=\"1099\">Descubre m\u00e1s sobre este dise\u00f1o \u00fanico <a href=\"https:\/\/figueras.com\/es\/biennale-regreso-a-la-esencia\/\">aqu\u00ed<\/a>.<\/p>\n","protected":false},"excerpt":{"rendered":"<p>Hace diez a\u00f1os, la silla Biennale redefini\u00f3 el equilibrio entre naturaleza y dise\u00f1o. Hoy volvemos a su esencia original: madera, geometr\u00eda fractal y simplicidad, celebrando una d\u00e9cada de dise\u00f1o atemporal. Una silla modular pensada para funcionar de manera individual o colectiva. Para celebrar este hito, el arquitecto Josep Ferrando y Figueras Seating relanzan la silla [&hellip;]<\/p>\n","protected":false},"author":11,"featured_media":48310,"comment_status":"closed","ping_status":"closed","sticky":false,"template":"","format":"standard","meta":{"_acf_changed":false,"content-type":"","footnotes":""},"categories":[271],"tags":[],"class_list":["post-48313","post","type-post","status-publish","format-standard","has-post-thumbnail","hentry","category-products-es"],"acf":[],"_links":{"self":[{"href":"https:\/\/figueras.com\/es\/wp-json\/wp\/v2\/posts\/48313","targetHints":{"allow":["GET"]}}],"collection":[{"href":"https:\/\/figueras.com\/es\/wp-json\/wp\/v2\/posts"}],"about":[{"href":"https:\/\/figueras.com\/es\/wp-json\/wp\/v2\/types\/post"}],"author":[{"embeddable":true,"href":"https:\/\/figueras.com\/es\/wp-json\/wp\/v2\/users\/11"}],"replies":[{"embeddable":true,"href":"https:\/\/figueras.com\/es\/wp-json\/wp\/v2\/comments?post=48313"}],"version-history":[{"count":0,"href":"https:\/\/figueras.com\/es\/wp-json\/wp\/v2\/posts\/48313\/revisions"}],"wp:featuredmedia":[{"embeddable":true,"href":"https:\/\/figueras.com\/es\/wp-json\/wp\/v2\/media\/48310"}],"wp:attachment":[{"href":"https:\/\/figueras.com\/es\/wp-json\/wp\/v2\/media?parent=48313"}],"wp:term":[{"taxonomy":"category","embeddable":true,"href":"https:\/\/figueras.com\/es\/wp-json\/wp\/v2\/categories?post=48313"},{"taxonomy":"post_tag","embeddable":true,"href":"https:\/\/figueras.com\/es\/wp-json\/wp\/v2\/tags?post=48313"}],"curies":[{"name":"wp","href":"https:\/\/api.w.org\/{rel}","templated":true}]}}