{"id":48196,"date":"2025-09-29T09:42:17","date_gmt":"2025-09-29T07:42:17","guid":{"rendered":"https:\/\/figueras.com\/escenarios-a-escena-vol-4\/"},"modified":"2025-09-29T14:08:49","modified_gmt":"2025-09-29T12:08:49","slug":"escenarios-a-escena-vol-4","status":"publish","type":"post","link":"https:\/\/figueras.com\/es\/escenarios-a-escena-vol-4\/","title":{"rendered":"Escenarios a Escena Vol.4: debates, m\u00fasica y creatividad para cerrar el ciclo 2025"},"content":{"rendered":"<p><span data-contrast=\"auto\">El 18 de septiembre celebramos en el <\/span><strong><span data-contrast=\"auto\">Roca Barcelona Gallery<\/span><\/strong><span data-contrast=\"auto\"> la sesi\u00f3n <\/span><strong><span data-contrast=\"auto\">\u201cEscenarios a Escena \u2013 Vol.4\u201d<\/span><\/strong><span data-contrast=\"auto\">, que puso el punto final a un ciclo muy especial de <\/span><strong><span data-contrast=\"auto\">Arquitectura M\u00fasica \u00b7 M\u00fasicxs Arquitectxs<\/span><\/strong><span data-contrast=\"auto\">, en el que los teatros y las artes esc\u00e9nicas han sido protagonistas.<\/span><\/p>\n<p><span data-contrast=\"auto\">Durante este 2025 hemos podido vivir <\/span><strong><span data-contrast=\"auto\">cuatro encuentros <\/span><\/strong><span data-contrast=\"auto\">de \u00e9xito e<\/span><span data-contrast=\"auto\">n los que \u201c<\/span><strong><span data-contrast=\"auto\">el p\u00fablico -tal y como apunt\u00f3 F\u00e9lix Arranz, comisario del ciclo- m\u00e1s que espectador, ha sido actor\u201d,<\/span><\/strong><span data-contrast=\"auto\"> participando, debatiendo, compartiendo ideas y construyendo comunidad. Una comunidad que demuestra que, cuando hablamos de teatros, hablamos tambi\u00e9n de memoria, de creatividad y de futuro.<\/span><\/p>\n<p><span data-contrast=\"auto\">En cada una de estas cuatro ediciones, <\/span><strong><span data-contrast=\"auto\">celebradas en algunos de los espacios Roca Gallery m\u00e1s ic\u00f3nicos<\/span><\/strong> <strong><span data-contrast=\"auto\">\u2013Barcelona, Madrid y Londres<\/span><\/strong><span data-contrast=\"auto\">\u2013 hemos podido descubrir proyectos relevantes del sector y aprender que la arquitectura teatral va m\u00e1s all\u00e1 del simple uso de la sala. Un teatro \u2013sea como sea el espacio\u2013 es luz, ac\u00fastica, visibilidad, comodidad, inmersi\u00f3n y la suma de todos los elementos que contribuyen a la experiencia: desde el escenario hasta el foso, pasando por el tel\u00f3n, la tramoya&#8230; o los asientos.<\/span><\/p>\n<p><span data-contrast=\"auto\">De esta \u00faltima sesi\u00f3n, nos quedamos con algunas ideas clave que nos han inspirado:<\/span><\/p>\n<ul>\n<li><strong><span data-contrast=\"auto\">La memoria como legado.<\/span><\/strong><\/li>\n<li><strong><span data-contrast=\"auto\">La luz como actriz principal.<\/span><\/strong><\/li>\n<li><strong><span data-contrast=\"auto\">Las limitaciones como motor de creatividad.<\/span><\/strong><\/li>\n<li><strong><span data-contrast=\"auto\">El arquitecto como director de orquesta.<\/span><\/strong><\/li>\n<\/ul>\n<p>&nbsp;<\/p>\n<p><img fetchpriority=\"high\" decoding=\"async\" class=\"size-medium wp-image-48191 aligncenter\" src=\"https:\/\/figueras.com\/wp-content\/uploads\/2025\/09\/escenarios-a-escena-vol-4-debates-musica-y-creatividad-para-cerrar-el-ciclo-2025-2-768x614.webp\" alt=\"Escenarios a Escena Vol.4: debates, m\u00fasica y creatividad para cerrar el ciclo 2025\" width=\"768\" height=\"614\" title=\"\" srcset=\"https:\/\/figueras.com\/wp-content\/uploads\/2025\/09\/escenarios-a-escena-vol-4-debates-musica-y-creatividad-para-cerrar-el-ciclo-2025-2-768x614.webp 768w, https:\/\/figueras.com\/wp-content\/uploads\/2025\/09\/escenarios-a-escena-vol-4-debates-musica-y-creatividad-para-cerrar-el-ciclo-2025-2-1024x819.webp 1024w, https:\/\/figueras.com\/wp-content\/uploads\/2025\/09\/escenarios-a-escena-vol-4-debates-musica-y-creatividad-para-cerrar-el-ciclo-2025-2-480x384.webp 480w, https:\/\/figueras.com\/wp-content\/uploads\/2025\/09\/escenarios-a-escena-vol-4-debates-musica-y-creatividad-para-cerrar-el-ciclo-2025-2.webp 1200w\" sizes=\"(max-width: 768px) 100vw, 768px\" \/><\/p>\n<p>&nbsp;<\/p>\n<p><span data-contrast=\"auto\">El programa de este <\/span><strong><span data-contrast=\"auto\">Escenarios a Escena Vol.4<\/span><\/strong><span data-contrast=\"auto\"> mantuvo la esencia de las anteriores sesiones, con proyectos y miradas muy distintas entre s\u00ed:<\/span><\/p>\n<ul>\n<li><a href=\"https:\/\/www.forgasarquitectes.com\/es\/inicio\/\" target=\"_blank\" rel=\"noopener\"><strong><span data-contrast=\"none\">Forgas Arquitectes<\/span><\/strong><\/a><strong><span data-contrast=\"auto\"> (Joan Forgas y Dolors Ylla Catal\u00e0)<\/span><\/strong><span data-contrast=\"auto\"> compartieron la rehabilitaci\u00f3n y ampliaci\u00f3n del <\/span><a href=\"https:\/\/www.forgasarquitectes.com\/es\/portfolio\/teatroartesa\/\" target=\"_blank\" rel=\"noopener\"><strong><span data-contrast=\"none\">Teatre l\u2019Artes\u00e0<\/span><\/strong><\/a> <span data-contrast=\"auto\">y la importancia de mantener ciertos espacios que suponen un lugar de encuentro vecinal.<\/span><\/li>\n<li><a href=\"https:\/\/www.estudiovila13.com\/home\/\" target=\"_blank\" rel=\"noopener\"><strong><span data-contrast=\"none\">Estudio Vila 13<\/span><\/strong><\/a><strong><span data-contrast=\"auto\"> (Ana Olmo y Jordi Carre\u00f1o)<\/span><\/strong><span data-contrast=\"auto\"> presentaron la rehabilitaci\u00f3n del <\/span><a href=\"https:\/\/www.estudiovila13.com\/arquitectura-diseno-ibiza-rehabilitacion-teatro-pereira-ibiza\/\" target=\"_blank\" rel=\"noopener\"><strong><span data-contrast=\"none\">Teatro Pereyra,<\/span><\/strong><\/a> <span data-contrast=\"auto\">un proyecto que combina pasado y futuro. En este caso no solo deb\u00eda respetar las limitaciones del edificio hist\u00f3rico, sino tambi\u00e9n dotarla de versatilidad, creando una sala capaz de adaptarse a m\u00faltiples usos.<\/span><\/li>\n<li><strong><span data-contrast=\"auto\">Mar\u00eda de la C\u00e1mara (<\/span><\/strong><a href=\"http:\/\/cube.bz\/\" target=\"_blank\" rel=\"noopener\"><strong><span data-contrast=\"none\">Cube.bz<\/span><\/strong><\/a><strong><span data-contrast=\"auto\">)<\/span><\/strong><span data-contrast=\"auto\"> nos descubri\u00f3 el dise\u00f1o de iluminaci\u00f3n de la \u00f3pera <\/span><a href=\"http:\/\/cube.bz\/work\/ali\/\" target=\"_blank\" rel=\"noopener\"><strong><span data-contrast=\"none\">Al\u00ed<\/span><\/strong><\/a> <span data-contrast=\"auto\">y todas las posibilidades que puede ofrecer la luz como parte activa de la historia.<\/span><\/li>\n<\/ul>\n<p>&nbsp;<\/p>\n<p><span data-contrast=\"auto\">La jornada sigui\u00f3 con un debate abierto, donde <\/span><strong><span data-contrast=\"auto\">Marta Ferrer, Directora de Desarrollo de Negocio de Iberia en Figueras<\/span><\/strong><span data-contrast=\"auto\">, subray\u00f3 la importancia de la <\/span><strong><span data-contrast=\"auto\">tecnolog\u00eda y la versatilidad <\/span><\/strong><span data-contrast=\"auto\">para adaptar los espacios a la funcionalidad que se necesita en cada momento (como es el caso del <\/span><strong><span data-contrast=\"auto\">Teatro Pereyra<\/span><\/strong><span data-contrast=\"auto\"> y su sistema de asientos m\u00f3viles <\/span><a href=\"https:\/\/figueras.com\/es\/sistemas\/mutawheel-seating-system\/\"><strong><span data-contrast=\"none\">Mutawheel<\/span><\/strong><\/a> <span data-contrast=\"auto\">con el modelo <\/span><a href=\"https:\/\/figueras.com\/es\/asiento\/5067\/\"><strong><span data-contrast=\"none\">Minispace 5067<\/span><\/strong><\/a><span data-contrast=\"auto\">). Una de las principales aportaciones de Figueras en este proyecto ha sido la incorporaci\u00f3n -realizada por primera vez- de cuatro plataformas esc\u00e9nicas que permiten distintas configuraciones y de una platea basculante que garantiza la buena experiencia del espectador.<\/span><\/p>\n<p><span data-contrast=\"auto\">El concierto del m\u00fasico y arquitecto, <\/span><strong><span data-contrast=\"auto\">Ram\u00f3n Faura<\/span><\/strong><span data-contrast=\"auto\">, <\/span><span data-contrast=\"auto\">supuso el cierre perfecto de la sesi\u00f3n, poniendo el broche final a una jornada en la que<\/span><strong><span data-contrast=\"auto\"> arquitectura y m\u00fasica volvieron a encontrarse cara a cara.<\/span><\/strong><\/p>\n<p><span data-contrast=\"auto\">En este v\u00eddeo puedes revivir algunos de los mejores momentos de este \u00faltimo encuentro.<\/span><\/p>\n<p><span class=\"TextRun SCXW234788921 BCX0\" lang=\"ES-ES\" xml:lang=\"ES-ES\" data-contrast=\"auto\"><span class=\"NormalTextRun SCXW234788921 BCX0\">En Figueras seguimos creyendo en la arquitectura como impulsora de <\/span><\/span><span class=\"TextRun SCXW234788921 BCX0\" lang=\"ES-ES\" xml:lang=\"ES-ES\" data-contrast=\"auto\"><span class=\"NormalTextRun SCXW234788921 BCX0\">espacios que generan <\/span><span class=\"NormalTextRun SCXW234788921 BCX0\">di\u00e1logo y conocimiento<\/span><\/span><span class=\"TextRun SCXW234788921 BCX0\" lang=\"ES-ES\" xml:lang=\"ES-ES\" data-contrast=\"auto\"><span class=\"NormalTextRun SCXW234788921 BCX0\">. Por eso, ya tenemos la mirada puesta en el pr\u00f3ximo a\u00f1o y en un <\/span><\/span><span class=\"TextRun SCXW234788921 BCX0\" lang=\"ES-ES\" xml:lang=\"ES-ES\" data-contrast=\"auto\"><span class=\"NormalTextRun SCXW234788921 BCX0\">nuevo ciclo de Arquitectura M\u00fasica<\/span><\/span><span class=\"TextRun SCXW234788921 BCX0\" lang=\"ES-ES\" xml:lang=\"ES-ES\" data-contrast=\"auto\"><span class=\"NormalTextRun SCXW234788921 BCX0\"> que no os pod\u00e9is perder.<\/span><\/span><\/p>\n<div style=\"padding: 75% 0 0 0; position: relative;\"><iframe style=\"position: absolute; top: 0; left: 0; width: 100%; height: 100%;\" title=\"Arquitectura m\u00fasica - M\u00fasicxs Arquitectxs - Escenarios a Escena Vol 4\" src=\"https:\/\/player.vimeo.com\/video\/1122772531?h=f2ba48a117&amp;badge=0&amp;autopause=0&amp;player_id=0&amp;app_id=58479\" frameborder=\"0\"><\/iframe><\/div>\n<p><script src=\"https:\/\/player.vimeo.com\/api\/player.js\"><\/script><\/p>\n","protected":false},"excerpt":{"rendered":"<p>El 18 de septiembre celebramos en el Roca Barcelona Gallery la sesi\u00f3n \u201cEscenarios a Escena \u2013 Vol.4\u201d, que puso el punto final a un ciclo muy especial de Arquitectura M\u00fasica \u00b7 M\u00fasicxs Arquitectxs, en el que los teatros y las artes esc\u00e9nicas han sido protagonistas. Durante este 2025 hemos podido vivir cuatro encuentros de \u00e9xito [&hellip;]<\/p>\n","protected":false},"author":11,"featured_media":48186,"comment_status":"closed","ping_status":"closed","sticky":false,"template":"","format":"standard","meta":{"_acf_changed":false,"content-type":"","footnotes":""},"categories":[274],"tags":[],"class_list":["post-48196","post","type-post","status-publish","format-standard","has-post-thumbnail","hentry","category-events-es"],"acf":[],"_links":{"self":[{"href":"https:\/\/figueras.com\/es\/wp-json\/wp\/v2\/posts\/48196","targetHints":{"allow":["GET"]}}],"collection":[{"href":"https:\/\/figueras.com\/es\/wp-json\/wp\/v2\/posts"}],"about":[{"href":"https:\/\/figueras.com\/es\/wp-json\/wp\/v2\/types\/post"}],"author":[{"embeddable":true,"href":"https:\/\/figueras.com\/es\/wp-json\/wp\/v2\/users\/11"}],"replies":[{"embeddable":true,"href":"https:\/\/figueras.com\/es\/wp-json\/wp\/v2\/comments?post=48196"}],"version-history":[{"count":0,"href":"https:\/\/figueras.com\/es\/wp-json\/wp\/v2\/posts\/48196\/revisions"}],"wp:featuredmedia":[{"embeddable":true,"href":"https:\/\/figueras.com\/es\/wp-json\/wp\/v2\/media\/48186"}],"wp:attachment":[{"href":"https:\/\/figueras.com\/es\/wp-json\/wp\/v2\/media?parent=48196"}],"wp:term":[{"taxonomy":"category","embeddable":true,"href":"https:\/\/figueras.com\/es\/wp-json\/wp\/v2\/categories?post=48196"},{"taxonomy":"post_tag","embeddable":true,"href":"https:\/\/figueras.com\/es\/wp-json\/wp\/v2\/tags?post=48196"}],"curies":[{"name":"wp","href":"https:\/\/api.w.org\/{rel}","templated":true}]}}