{"id":47732,"date":"2025-09-01T09:00:21","date_gmt":"2025-09-01T07:00:21","guid":{"rendered":"https:\/\/figueras.com\/?p=47732"},"modified":"2025-09-04T12:16:51","modified_gmt":"2025-09-04T10:16:51","slug":"figueras-y-roca-escenarios-a-escena-en-barcelona","status":"publish","type":"post","link":"https:\/\/figueras.com\/es\/figueras-y-roca-escenarios-a-escena-en-barcelona\/","title":{"rendered":"Figueras y Roca celebran el oto\u00f1o con una nueva sesi\u00f3n de \u00abEscenarios a Escena\u00bb en Barcelona"},"content":{"rendered":"<p><i><span data-contrast=\"auto\">El pr\u00f3ximo 18 de septiembre, tenemos una nueva cita en el Roca Barcelona Gallery, dentro del ciclo \u00abArquitectura M\u00fasica \u00b7 M\u00fasicxs Arquitectxs\u00bb, que reunir\u00e1 a destacados profesionales de la arquitectura, la escenograf\u00eda y la m\u00fasica.<\/span><\/i><\/p>\n<p><span data-contrast=\"auto\">Nos adelantamos unos d\u00edas al equinoccio para dar la bienvenida al oto\u00f1o, una estaci\u00f3n que invita a la reflexi\u00f3n y a los encuentros culturales. El <\/span><b><span data-contrast=\"auto\">18 de septiembre a las 19:00h<\/span><\/b><span data-contrast=\"auto\">, el <\/span><b><span data-contrast=\"auto\">Roca Barcelona Gallery<\/span><\/b><span data-contrast=\"auto\"> acoger\u00e1 la cuarta edici\u00f3n de <\/span><b><span data-contrast=\"auto\">\u201cEscenarios a Escena\u201d<\/span><\/b><span data-contrast=\"auto\">, dentro del ciclo <\/span><b><span data-contrast=\"auto\">\u00abArquitectura M\u00fasica \u00b7 M\u00fasicxs Arquitectxs\u00bb<\/span><\/b><span data-contrast=\"auto\">.<\/span><\/p>\n<p><span data-contrast=\"auto\">Este ciclo, que alterna sus sesiones entre Barcelona, Madrid y Londres, explora la relaci\u00f3n entre la arquitectura y la m\u00fasica a trav\u00e9s de experiencias compartidas por profesionales de ambas disciplinas.<\/span><\/p>\n<p><span data-contrast=\"auto\">En esta ocasi\u00f3n, participar\u00e1n:<\/span><\/p>\n<ul>\n<li aria-setsize=\"-1\" data-leveltext=\"\uf0b7\" data-font=\"Symbol\" data-listid=\"1\" data-list-defn-props=\"{&quot;335552541&quot;:1,&quot;335559685&quot;:720,&quot;335559991&quot;:360,&quot;469769226&quot;:&quot;Symbol&quot;,&quot;469769242&quot;:[8226],&quot;469777803&quot;:&quot;left&quot;,&quot;469777804&quot;:&quot;\uf0b7&quot;,&quot;469777815&quot;:&quot;multilevel&quot;}\" data-aria-posinset=\"1\" data-aria-level=\"1\"><b><span data-contrast=\"auto\">Forgas Arquitectes<\/span><\/b><span data-contrast=\"auto\">, que presentar\u00e1 el proyecto de rehabilitaci\u00f3n y ampliaci\u00f3n del <\/span><b><span data-contrast=\"auto\">Teatro L\u2019Artes\u00e0<\/span><\/b><span data-contrast=\"auto\">.<\/span><\/li>\n<\/ul>\n<ul>\n<li aria-setsize=\"-1\" data-leveltext=\"\uf0b7\" data-font=\"Symbol\" data-listid=\"1\" data-list-defn-props=\"{&quot;335552541&quot;:1,&quot;335559685&quot;:720,&quot;335559991&quot;:360,&quot;469769226&quot;:&quot;Symbol&quot;,&quot;469769242&quot;:[8226],&quot;469777803&quot;:&quot;left&quot;,&quot;469777804&quot;:&quot;\uf0b7&quot;,&quot;469777815&quot;:&quot;multilevel&quot;}\" data-aria-posinset=\"2\" data-aria-level=\"1\"><b><span data-contrast=\"auto\">Estudio Vila 13<\/span><\/b><span data-contrast=\"auto\">, que abordar\u00e1 el proceso de proyecto y obra del <\/span><b><span data-contrast=\"auto\">Teatro Pereira de Ibiza<\/span><\/b><span data-contrast=\"auto\">.<\/span><\/li>\n<\/ul>\n<ul>\n<li aria-setsize=\"-1\" data-leveltext=\"\uf0b7\" data-font=\"Symbol\" data-listid=\"1\" data-list-defn-props=\"{&quot;335552541&quot;:1,&quot;335559685&quot;:720,&quot;335559991&quot;:360,&quot;469769226&quot;:&quot;Symbol&quot;,&quot;469769242&quot;:[8226],&quot;469777803&quot;:&quot;left&quot;,&quot;469777804&quot;:&quot;\uf0b7&quot;,&quot;469777815&quot;:&quot;multilevel&quot;}\" data-aria-posinset=\"3\" data-aria-level=\"1\"><b><span data-contrast=\"auto\">cube.bz<\/span><\/b><span data-contrast=\"auto\">, escen\u00f3grafos especializados en la interacci\u00f3n entre luz, espacio y parateatralidad.<\/span><\/li>\n<\/ul>\n<ul>\n<li aria-setsize=\"-1\" data-leveltext=\"\uf0b7\" data-font=\"Symbol\" data-listid=\"1\" data-list-defn-props=\"{&quot;335552541&quot;:1,&quot;335559685&quot;:720,&quot;335559991&quot;:360,&quot;469769226&quot;:&quot;Symbol&quot;,&quot;469769242&quot;:[8226],&quot;469777803&quot;:&quot;left&quot;,&quot;469777804&quot;:&quot;\uf0b7&quot;,&quot;469777815&quot;:&quot;multilevel&quot;}\" data-aria-posinset=\"4\" data-aria-level=\"1\"><span data-contrast=\"auto\">El m\u00fasico y arquitecto <\/span><b><span data-contrast=\"auto\">Ramon Faura<\/span><\/b><span data-contrast=\"auto\"> (\u201cAzucarillo Kings\u201d, \u201cLe Petit Ramon\u201d), que cerrar\u00e1 la sesi\u00f3n con un recital \u00edntimo lleno de sorpresas.<\/span><\/li>\n<\/ul>\n<p><span data-contrast=\"auto\">\ud83d\udccd<\/span> <b><span data-contrast=\"auto\">Lugar:<\/span><\/b><span data-contrast=\"auto\"> Roca Barcelona Gallery<\/span><br \/>\n<span data-contrast=\"auto\">\ud83d\udcc5<\/span> <b><span data-contrast=\"auto\">Fecha y hora:<\/span><\/b><span data-contrast=\"auto\"> 18 de septiembre, 19:00h<\/span><br \/>\n<span data-contrast=\"auto\">\ud83c\udf9f\ufe0f<\/span> <b><span data-contrast=\"auto\">Aforo limitado \u2013 <\/span><\/b><a href=\"https:\/\/www.rocabarcelonagallery.com\/events\/event-register?eventCode=346458835\" target=\"_blank\" rel=\"noopener\"><b><span data-contrast=\"auto\">Reserva tu plaza aqu\u00ed<\/span><\/b><\/a><\/p>\n","protected":false},"excerpt":{"rendered":"<p>El pr\u00f3ximo 18 de septiembre, tenemos una nueva cita en el Roca Barcelona Gallery, dentro del ciclo \u00abArquitectura M\u00fasica \u00b7 M\u00fasicxs Arquitectxs\u00bb, que reunir\u00e1 a destacados profesionales de la arquitectura, la escenograf\u00eda y la m\u00fasica. Nos adelantamos unos d\u00edas al equinoccio para dar la bienvenida al oto\u00f1o, una estaci\u00f3n que invita a la reflexi\u00f3n y [&hellip;]<\/p>\n","protected":false},"author":2,"featured_media":47972,"comment_status":"closed","ping_status":"closed","sticky":false,"template":"","format":"standard","meta":{"_acf_changed":false,"content-type":"","footnotes":""},"categories":[274],"tags":[],"class_list":["post-47732","post","type-post","status-publish","format-standard","has-post-thumbnail","hentry","category-events-es"],"acf":[],"_links":{"self":[{"href":"https:\/\/figueras.com\/es\/wp-json\/wp\/v2\/posts\/47732","targetHints":{"allow":["GET"]}}],"collection":[{"href":"https:\/\/figueras.com\/es\/wp-json\/wp\/v2\/posts"}],"about":[{"href":"https:\/\/figueras.com\/es\/wp-json\/wp\/v2\/types\/post"}],"author":[{"embeddable":true,"href":"https:\/\/figueras.com\/es\/wp-json\/wp\/v2\/users\/2"}],"replies":[{"embeddable":true,"href":"https:\/\/figueras.com\/es\/wp-json\/wp\/v2\/comments?post=47732"}],"version-history":[{"count":0,"href":"https:\/\/figueras.com\/es\/wp-json\/wp\/v2\/posts\/47732\/revisions"}],"wp:featuredmedia":[{"embeddable":true,"href":"https:\/\/figueras.com\/es\/wp-json\/wp\/v2\/media\/47972"}],"wp:attachment":[{"href":"https:\/\/figueras.com\/es\/wp-json\/wp\/v2\/media?parent=47732"}],"wp:term":[{"taxonomy":"category","embeddable":true,"href":"https:\/\/figueras.com\/es\/wp-json\/wp\/v2\/categories?post=47732"},{"taxonomy":"post_tag","embeddable":true,"href":"https:\/\/figueras.com\/es\/wp-json\/wp\/v2\/tags?post=47732"}],"curies":[{"name":"wp","href":"https:\/\/api.w.org\/{rel}","templated":true}]}}