{"id":47185,"date":"2025-06-27T12:21:29","date_gmt":"2025-06-27T10:21:29","guid":{"rendered":"https:\/\/figueras.com\/the-national-symphony-hall-of-chile-prepares-to-open-its-doors\/"},"modified":"2025-06-27T12:27:48","modified_gmt":"2025-06-27T10:27:48","slug":"figueras-butacas-gran-sala-sinfonica-nacional-chile","status":"publish","type":"post","link":"https:\/\/figueras.com\/es\/figueras-butacas-gran-sala-sinfonica-nacional-chile\/","title":{"rendered":"La Gran Sala Sinf\u00f3nica Nacional de Chile se prepara para abrir sus puertas"},"content":{"rendered":"<p>La Universidad de Chile est\u00e1 ultimando los preparativos para inaugurar la tan esperada <strong>Gran Sala Sinf\u00f3nica Nacional<\/strong>, ubicada en el complejo VM20 de la instituci\u00f3n educativa. Se trata de la <strong>primera sala de conciertos del pa\u00eds dise\u00f1ada con ac\u00fastica natural e inmersiva de 360\u00b0<\/strong>, pensada para ofrecer una experiencia sonora excepcional y de alta calidad en cada uno de sus 1.134 asientos.<\/p>\n<p>El proyecto ac\u00fastico ha sido liderado por el ingeniero y violinista Gustavo Basso, en colaboraci\u00f3n con la profesora y arquitecta Andrea Farina, posicionando la sala como referente nacional de la m\u00fasica sinf\u00f3nica. Durante el mes de junio se han llevado a cabo ensayos abiertos al p\u00fablico, dirigidos por el maestro Christian Lorca; esta etapa ha sido determinante para ajustar la ac\u00fastica del espacio.<\/p>\n<p>La inauguraci\u00f3n oficial tendr\u00e1 lugar el jueves 10 de julio con un concierto protocolar dirigido por el director invitado Maximiano Vald\u00e9s, mientras que las funciones abiertas al p\u00fablico se celebrar\u00e1n los d\u00edas 11 y 12 de julio. Seg\u00fan destac\u00f3 la rectora de la Universidad de Chile, Rosa Dev\u00e9s, en el digital <em>El Mostrador<\/em>, este hito es como \u201cllegar a la meta despu\u00e9s de un largo caminar\u201d, reflejando el compromiso institucional de la universidad con la cultura.<\/p>\n<p>Para equipar la sala, <strong>Figueras ha suministrado el modelo Minispace<\/strong><strong>\u202f5071<\/strong>, una butaca de dise\u00f1o elegante y ergon\u00f3mico. Se trata de una butaca compacta: una vez plegada ocupa solo 20\u202fcm de profundidad, ideal para auditorios y salas de conciertos. Adem\u00e1s, ofrece un <strong>excelente comportamiento ac<\/strong><strong>\u00fastico<\/strong> gracias a sus componentes y acabados. Seg\u00fan declaraciones de Basso a <em>El Mostrador<\/em> chileno, \u201clas butacas y el p\u00fablico son los principales elementos de absorci\u00f3n ac\u00fastica\u201d.<\/p>\n<p>Figueras celebra formar parte de proyectos de esta magnitud, que re\u00fanen arte, innovaci\u00f3n y dise\u00f1o para enriquecer la vida cultural de la comunidad.<\/p>\n","protected":false},"excerpt":{"rendered":"<p>La Universidad de Chile est\u00e1 ultimando los preparativos para inaugurar la tan esperada Gran Sala Sinf\u00f3nica Nacional, ubicada en el complejo VM20 de la instituci\u00f3n educativa. Se trata de la primera sala de conciertos del pa\u00eds dise\u00f1ada con ac\u00fastica natural e inmersiva de 360\u00b0, pensada para ofrecer una experiencia sonora excepcional y de alta calidad [&hellip;]<\/p>\n","protected":false},"author":2,"featured_media":47182,"comment_status":"closed","ping_status":"closed","sticky":false,"template":"","format":"standard","meta":{"_acf_changed":false,"content-type":"","footnotes":""},"categories":[277],"tags":[],"class_list":["post-47185","post","type-post","status-publish","format-standard","has-post-thumbnail","hentry","category-projects-es"],"acf":[],"_links":{"self":[{"href":"https:\/\/figueras.com\/es\/wp-json\/wp\/v2\/posts\/47185","targetHints":{"allow":["GET"]}}],"collection":[{"href":"https:\/\/figueras.com\/es\/wp-json\/wp\/v2\/posts"}],"about":[{"href":"https:\/\/figueras.com\/es\/wp-json\/wp\/v2\/types\/post"}],"author":[{"embeddable":true,"href":"https:\/\/figueras.com\/es\/wp-json\/wp\/v2\/users\/2"}],"replies":[{"embeddable":true,"href":"https:\/\/figueras.com\/es\/wp-json\/wp\/v2\/comments?post=47185"}],"version-history":[{"count":0,"href":"https:\/\/figueras.com\/es\/wp-json\/wp\/v2\/posts\/47185\/revisions"}],"wp:featuredmedia":[{"embeddable":true,"href":"https:\/\/figueras.com\/es\/wp-json\/wp\/v2\/media\/47182"}],"wp:attachment":[{"href":"https:\/\/figueras.com\/es\/wp-json\/wp\/v2\/media?parent=47185"}],"wp:term":[{"taxonomy":"category","embeddable":true,"href":"https:\/\/figueras.com\/es\/wp-json\/wp\/v2\/categories?post=47185"},{"taxonomy":"post_tag","embeddable":true,"href":"https:\/\/figueras.com\/es\/wp-json\/wp\/v2\/tags?post=47185"}],"curies":[{"name":"wp","href":"https:\/\/api.w.org\/{rel}","templated":true}]}}